{"id":633,"date":"2011-06-23T08:42:02","date_gmt":"2011-06-23T12:42:02","guid":{"rendered":"http:\/\/sppmonteregiecsn.org\/?p=633"},"modified":"2011-06-23T08:42:02","modified_gmt":"2011-06-23T12:42:02","slug":"bonne-fete-nationale-du-quebec","status":"publish","type":"post","link":"https:\/\/sppmonteregiecsn.org\/?p=633","title":{"rendered":"Bonne F\u00eate nationale du Qu\u00e9bec !"},"content":{"rendered":"<p>la F\u00eate nationale du Qu\u00e9bec constitue la f\u00eate de ce qui rassemble tous ceux et celles qui composent le Qu\u00e9bec d&rsquo;aujourd&rsquo;hui.<\/p>\n<p>Jacques Lalonde, Pr\u00e9sident<br \/>\npour le SPPM-CSN<a href=\"https:\/\/sppmonteregiecsn.org\/wp-content\/uploads\/2011\/06\/drapeau-du-Quebec.jpg\"><img loading=\"lazy\" decoding=\"async\" src=\"https:\/\/sppmonteregiecsn.org\/wp-content\/uploads\/2011\/06\/drapeau-du-Quebec-150x150.jpg\" alt=\"\" title=\"drapeau-du-Quebec\" width=\"150\" height=\"150\" class=\"alignleft size-thumbnail wp-image-635\" srcset=\"https:\/\/sppmonteregiecsn.org\/wp-content\/uploads\/2011\/06\/drapeau-du-Quebec-150x150.jpg 150w, https:\/\/sppmonteregiecsn.org\/wp-content\/uploads\/2011\/06\/drapeau-du-Quebec-92x92.jpg 92w, https:\/\/sppmonteregiecsn.org\/wp-content\/uploads\/2011\/06\/drapeau-du-Quebec.jpg 300w\" sizes=\"auto, (max-width: 150px) 100vw, 150px\" \/><\/a><\/p>\n","protected":false},"excerpt":{"rendered":"<p>la F\u00eate nationale du Qu\u00e9bec constitue la f\u00eate de ce qui rassemble tous ceux et celles qui composent le Qu\u00e9bec d&rsquo;aujourd&rsquo;hui. Jacques Lalonde, Pr\u00e9sident pour le SPPM-CSN<\/p>\n","protected":false},"author":1,"featured_media":0,"comment_status":"closed","ping_status":"open","sticky":false,"template":"","format":"standard","meta":{"footnotes":""},"categories":[1],"tags":[],"class_list":["post-633","post","type-post","status-publish","format-standard","hentry","category-non-classe"],"_links":{"self":[{"href":"https:\/\/sppmonteregiecsn.org\/index.php?rest_route=\/wp\/v2\/posts\/633","targetHints":{"allow":["GET"]}}],"collection":[{"href":"https:\/\/sppmonteregiecsn.org\/index.php?rest_route=\/wp\/v2\/posts"}],"about":[{"href":"https:\/\/sppmonteregiecsn.org\/index.php?rest_route=\/wp\/v2\/types\/post"}],"author":[{"embeddable":true,"href":"https:\/\/sppmonteregiecsn.org\/index.php?rest_route=\/wp\/v2\/users\/1"}],"replies":[{"embeddable":true,"href":"https:\/\/sppmonteregiecsn.org\/index.php?rest_route=%2Fwp%2Fv2%2Fcomments&post=633"}],"version-history":[{"count":1,"href":"https:\/\/sppmonteregiecsn.org\/index.php?rest_route=\/wp\/v2\/posts\/633\/revisions"}],"predecessor-version":[{"id":636,"href":"https:\/\/sppmonteregiecsn.org\/index.php?rest_route=\/wp\/v2\/posts\/633\/revisions\/636"}],"wp:attachment":[{"href":"https:\/\/sppmonteregiecsn.org\/index.php?rest_route=%2Fwp%2Fv2%2Fmedia&parent=633"}],"wp:term":[{"taxonomy":"category","embeddable":true,"href":"https:\/\/sppmonteregiecsn.org\/index.php?rest_route=%2Fwp%2Fv2%2Fcategories&post=633"},{"taxonomy":"post_tag","embeddable":true,"href":"https:\/\/sppmonteregiecsn.org\/index.php?rest_route=%2Fwp%2Fv2%2Ftags&post=633"}],"curies":[{"name":"wp","href":"https:\/\/api.w.org\/{rel}","templated":true}]}}