{"id":1604,"date":"2014-09-11T08:23:14","date_gmt":"2014-09-11T12:23:14","guid":{"rendered":"http:\/\/sppmonteregiecsn.org\/?p=1604"},"modified":"2014-09-11T08:23:14","modified_gmt":"2014-09-11T12:23:14","slug":"pour-tous-les-paramedic","status":"publish","type":"post","link":"https:\/\/sppmonteregiecsn.org\/?p=1604","title":{"rendered":"Pour tous les Paramedic"},"content":{"rendered":"<p>Suite au reportage de Radio-Canada et de TVA, que vous retrouv\u00e9 aussi sur les r\u00e9seaux sociaux concernant la plaintes d`un Paramedics sur les horaires de Faction, voici une mise au point.<\/p>\n<p>Une plainte a \u00e9t\u00e9 d\u00e9pos\u00e9e \u00e0 la CSST et celle-ci \u00e0 \u00e9mit un rapport. Pour l`instant aucun jugement a \u00e9t\u00e9 \u00e9mis.<\/p>\n<p>Le 16\/8 et le 24\/8 n`est pour l`instant pas appliqu\u00e9 partout au Qu\u00e9bec et nous croyons fortement qu\u2019il s`agit d`une plaintes en ce sens.<\/p>\n<p>Nous vous aviserons lorsque nous aurons plus de d\u00e9tails.<\/p>\n<p>Votre ex\u00e9cutif.<\/p>\n","protected":false},"excerpt":{"rendered":"<p>Suite au reportage de Radio-Canada et de TVA, que vous retrouv\u00e9 aussi sur les r\u00e9seaux sociaux concernant la plaintes d`un Paramedics sur les horaires de Faction, voici une mise au point. Une plainte a \u00e9t\u00e9 d\u00e9pos\u00e9e \u00e0 la CSST et &hellip; <a href=\"https:\/\/sppmonteregiecsn.org\/?p=1604\">Continuer la lecture <span class=\"meta-nav\">&rarr;<\/span><\/a><\/p>\n","protected":false},"author":5,"featured_media":0,"comment_status":"closed","ping_status":"open","sticky":false,"template":"","format":"standard","meta":{"footnotes":""},"categories":[1],"tags":[],"class_list":["post-1604","post","type-post","status-publish","format-standard","hentry","category-non-classe"],"_links":{"self":[{"href":"https:\/\/sppmonteregiecsn.org\/index.php?rest_route=\/wp\/v2\/posts\/1604","targetHints":{"allow":["GET"]}}],"collection":[{"href":"https:\/\/sppmonteregiecsn.org\/index.php?rest_route=\/wp\/v2\/posts"}],"about":[{"href":"https:\/\/sppmonteregiecsn.org\/index.php?rest_route=\/wp\/v2\/types\/post"}],"author":[{"embeddable":true,"href":"https:\/\/sppmonteregiecsn.org\/index.php?rest_route=\/wp\/v2\/users\/5"}],"replies":[{"embeddable":true,"href":"https:\/\/sppmonteregiecsn.org\/index.php?rest_route=%2Fwp%2Fv2%2Fcomments&post=1604"}],"version-history":[{"count":2,"href":"https:\/\/sppmonteregiecsn.org\/index.php?rest_route=\/wp\/v2\/posts\/1604\/revisions"}],"predecessor-version":[{"id":1606,"href":"https:\/\/sppmonteregiecsn.org\/index.php?rest_route=\/wp\/v2\/posts\/1604\/revisions\/1606"}],"wp:attachment":[{"href":"https:\/\/sppmonteregiecsn.org\/index.php?rest_route=%2Fwp%2Fv2%2Fmedia&parent=1604"}],"wp:term":[{"taxonomy":"category","embeddable":true,"href":"https:\/\/sppmonteregiecsn.org\/index.php?rest_route=%2Fwp%2Fv2%2Fcategories&post=1604"},{"taxonomy":"post_tag","embeddable":true,"href":"https:\/\/sppmonteregiecsn.org\/index.php?rest_route=%2Fwp%2Fv2%2Ftags&post=1604"}],"curies":[{"name":"wp","href":"https:\/\/api.w.org\/{rel}","templated":true}]}}