{"id":104,"date":"2010-10-22T09:00:00","date_gmt":"2010-10-22T13:00:00","guid":{"rendered":"http:\/\/sppmonteregiecsn.org\/?p=104"},"modified":"2010-10-24T09:01:26","modified_gmt":"2010-10-24T13:01:26","slug":"notre-action-syndical-et-notre-travail-syndical-qui-portent-fruit-plaintes-en-32","status":"publish","type":"post","link":"https:\/\/sppmonteregiecsn.org\/?p=104","title":{"rendered":"Notre action et notre travail syndical qui portent fruit-plaintes en 32"},"content":{"rendered":"<div><span style=\"color: #000000;\"><strong>Notre action et notre travail syndical qui portent fruit.<\/strong><\/span><\/div>\n<div><span style=\"color: #000000;\"><strong>Pour le b\u00e9nifice de nos membres.<\/strong><\/span><\/div>\n<div><span style=\"color: #000000;\"> <\/span><\/div>\n<div><span style=\"color: #000000;\">Salut \u00e0 tous,<\/span><\/div>\n<div><span style=\"color: #000000;\"> <\/span><\/div>\n<div><span style=\"color: #000000;\"><a href=\"https:\/\/sppmonteregiecsn.org\/wp-content\/uploads\/2010\/10\/csst.jpg\"><img loading=\"lazy\" decoding=\"async\" class=\"alignleft size-full wp-image-86\" title=\"csst\" src=\"https:\/\/sppmonteregiecsn.org\/wp-content\/uploads\/2010\/10\/csst.jpg\" alt=\"\" width=\"111\" height=\"78\" \/><\/a>Nous avons \u00e9t\u00e9 bien content d&rsquo;apprendre hier le 21 octobre par la conciliatrice de la CSST Mme Dominique Daoust que la CETAM, paiera les param\u00e9dics qui \u00e9tait en assignation temporaire durant la p\u00e9riode de r\u00e9f\u00e9rence stipul\u00e9e dans le r\u00e8glement du grief sur les repas soit du 27 d\u00e9cembre 2007 au 31 juillet 2010.<\/span><\/div>\n<div><span style=\"color: #000000;\">Car la CETAM paie depuis les param\u00e9dics en arr\u00eat de travail suite \u00e0 un accident.<\/span><\/div>\n<div><span style=\"color: #000000;\"><br \/>\n<\/span><\/div>\n<div><span style=\"color: #000000;\"> <\/span><\/div>\n<div><span style=\"color: #000000;\">Il y a un b\u00e9mol cependant dans ce dossier, nous avons demand\u00e9 hier \u00e0 la direction des ressources humaines que le d\u00e9tail du paiement soit fourni \u00e0 chacun des param\u00e9dics concern\u00e9s et touch\u00e9s par la paiement, afin que chacun puisse faire les v\u00e9rifications et de valider les informations \u00e9manant de la CETAM, dans le but que chacun puisse par la suite se d\u00e9sister de la plainte en 32.<\/span><\/div>\n<div><span style=\"color: #000000;\"><br \/>\n<\/span><\/div>\n<div><span style=\"color: #000000;\"> <\/span><\/div>\n<div><span style=\"color: #000000;\">La direction ne pr\u00e9voyait pas fournir \u00e0 chacun les d\u00e9tails du r\u00e8glement ! <\/span><\/div>\n<div><span style=\"color: #000000;\">J&rsquo;ai mentionn\u00e9 \u00e0 Mme Dufresne que c&rsquo;\u00e9tais l\u00e9gitime que chacun puisse faire les v\u00e9rifications, vu le paiement et le r\u00e8glement d&rsquo;une plainte.<\/span><\/div>\n<div><span style=\"color: #000000;\">Donc en conclusion, nous vous sugg\u00e9rons de demander au service de la paie et d&rsquo;exiger qu&rsquo;un document explicatif vous soit remis.<\/span><\/div>\n<div><span style=\"color: #000000;\">Et surtout, assurez-vous que les calculs soient vraiment fait correctement.<\/span><\/div>\n<div><span style=\"color: #000000;\"><br \/>\n<\/span><\/div>\n<div><span style=\"color: #000000;\"> <\/span><\/div>\n<div><span style=\"color: #000000;\">Si vous avez des questions par la suite, je vous invite \u00e0 me contacter, vu que c&rsquo;est moi qui a pilot\u00e9 ce dossier.<\/span><\/div>\n<div><span style=\"color: #000000;\"><br \/>\n<\/span><\/div>\n<div><span style=\"color: #000000;\"> <\/span><\/div>\n<div><span style=\"color: #000000;\">Jacques Lalonde<\/span><\/div>\n<div><span style=\"color: #000000;\">Param\u00e9dic soins primaires<br \/>\net Pr\u00e9sident du Syndicat des Param\u00e9dics et du Pr\u00e9hospitalier de la Mont\u00e9r\u00e9gie-CSN<br \/>\n514-298-7278 cellulaire et message texte<br \/>\n<a href=\"mailto:sppmonteregiecsn@bell.net\">sppmonteregiecsn@bell.net<\/a><\/span><\/div>\n","protected":false},"excerpt":{"rendered":"<p>Notre action et notre travail syndical qui portent fruit. Pour le b\u00e9nifice de nos membres. Salut \u00e0 tous, Nous avons \u00e9t\u00e9 bien content d&rsquo;apprendre hier le 21 octobre par la conciliatrice de la CSST Mme Dominique Daoust que la CETAM, &hellip; <a href=\"https:\/\/sppmonteregiecsn.org\/?p=104\">Continuer la lecture <span class=\"meta-nav\">&rarr;<\/span><\/a><\/p>\n","protected":false},"author":1,"featured_media":0,"comment_status":"closed","ping_status":"open","sticky":false,"template":"","format":"standard","meta":{"footnotes":""},"categories":[4],"tags":[],"class_list":["post-104","post","type-post","status-publish","format-standard","hentry","category-10-09"],"_links":{"self":[{"href":"https:\/\/sppmonteregiecsn.org\/index.php?rest_route=\/wp\/v2\/posts\/104","targetHints":{"allow":["GET"]}}],"collection":[{"href":"https:\/\/sppmonteregiecsn.org\/index.php?rest_route=\/wp\/v2\/posts"}],"about":[{"href":"https:\/\/sppmonteregiecsn.org\/index.php?rest_route=\/wp\/v2\/types\/post"}],"author":[{"embeddable":true,"href":"https:\/\/sppmonteregiecsn.org\/index.php?rest_route=\/wp\/v2\/users\/1"}],"replies":[{"embeddable":true,"href":"https:\/\/sppmonteregiecsn.org\/index.php?rest_route=%2Fwp%2Fv2%2Fcomments&post=104"}],"version-history":[{"count":10,"href":"https:\/\/sppmonteregiecsn.org\/index.php?rest_route=\/wp\/v2\/posts\/104\/revisions"}],"predecessor-version":[{"id":107,"href":"https:\/\/sppmonteregiecsn.org\/index.php?rest_route=\/wp\/v2\/posts\/104\/revisions\/107"}],"wp:attachment":[{"href":"https:\/\/sppmonteregiecsn.org\/index.php?rest_route=%2Fwp%2Fv2%2Fmedia&parent=104"}],"wp:term":[{"taxonomy":"category","embeddable":true,"href":"https:\/\/sppmonteregiecsn.org\/index.php?rest_route=%2Fwp%2Fv2%2Fcategories&post=104"},{"taxonomy":"post_tag","embeddable":true,"href":"https:\/\/sppmonteregiecsn.org\/index.php?rest_route=%2Fwp%2Fv2%2Ftags&post=104"}],"curies":[{"name":"wp","href":"https:\/\/api.w.org\/{rel}","templated":true}]}}